{"id":20196,"date":"2013-02-06T22:00:12","date_gmt":"2013-02-07T03:00:12","guid":{"rendered":"http:\/\/www.le-republicain-quebecois.net\/?p=20196"},"modified":"2015-06-11T03:48:05","modified_gmt":"2015-06-11T08:48:05","slug":"la-laicite-galvaudee","status":"publish","type":"post","link":"https:\/\/www.michelot.info\/blogue\/2013\/02\/06\/la-laicite-galvaudee\/","title":{"rendered":"La la\u00efcit\u00e9 galvaud\u00e9e"},"content":{"rendered":"<blockquote style=\"text-align: center;\"><p><a href=\"http:\/\/www.ledevoir.com\/politique\/quebec\/370556\/une-conception-galvaudee-de-la-laicite\" target=\"_blank\"><img loading=\"lazy\" decoding=\"async\" class=\"alignnone\" title=\"Le Devoir\" alt=\"\" src=\"http:\/\/upload.wikimedia.org\/wikipedia\/fr\/thumb\/d\/d1\/Logo_Le_Devoir.svg\/230px-Logo_Le_Devoir.svg.png\" width=\"138\" height=\"29\" \/><br \/>\nPubli\u00e9 dans l\u2019\u00e9dition du 11 f\u00e9vrier 2013 du quotidien Le Devoir<\/a><\/p><\/blockquote>\n<p>Suite \u00e0 l&rsquo;annonce du gouvernement de Mme Marois d&rsquo;entreprendre des consultations sur la la\u00efcit\u00e9, on a pu entendre plusieurs \u00ab\u00a0identitaires\u00a0\u00bb d\u00e9velopper une conception de la la\u00efcit\u00e9 pour le moins originale.<\/p>\n<p>D&rsquo;un concept r\u00e9publicain qui allie \u00e9galitarisme des citoyens devant la Loi et neutralit\u00e9 de l&rsquo;\u00c9tat \u00e0 l&rsquo;\u00e9gard des confessions, on en arrive, par une pirouette intellectuelle efficace, \u00e0 un outil qui d\u00e9termine \u00ab\u00a0des balises identitaires\u00a0\u00bb de vie commune, comme l&rsquo;explique M. Bock-C\u00f4t\u00e9.<\/p>\n<p>Ce retournement s&rsquo;explique par la volont\u00e9 du courant r\u00e9actionnaire d&rsquo;entretenir une confusion s\u00e9mantique entre un v\u00e9ritable processus de la\u00efcisation de l&rsquo;\u00c9tat et la simple s\u00e9cularisation des anciennes valeurs de l&rsquo;\u00c9glise, na\u00efvement d\u00e9pouill\u00e9es de leurs oripeaux spirituels. Or, ce galvaudage parfaitement r\u00e9ussi n&rsquo;est pas anodin. Il a en fait disqualifi\u00e9 les r\u00e9formateurs d&rsquo;esprit la\u00efc emp\u00eatr\u00e9s dans d&rsquo;interminables justifications pour se d\u00e9marquer des la\u00efcs autoproclam\u00e9s \u00ab\u00a0ouverts\u00a0\u00bb.<\/p>\n<p>Par un \u00e9trange mim\u00e9tisme, dans ce qu&rsquo;ils nomment par opposition \u00ab\u00a0la\u00efcit\u00e9 ferm\u00e9e\u00a0\u00bb, ces derniers conspuent le fait de rejeter non pas le culte ou la foi, mais ce que le philosophe Henri Pe\u00f1a-Ruiz appelle des \u00ab\u00a0privil\u00e8ges temporels\u00a0\u00bb auxquels certains religieux se raccrochent, de la m\u00eame mani\u00e8re que les identitaires s&rsquo;agrippent \u00e0 des vestiges glorieux du religieux d&rsquo;antan.<\/p>\n<p>Pourtant, une voix la\u00efque et humaniste peut s&rsquo;affirmer au Qu\u00e9bec, sans tomber dans l&rsquo;orni\u00e8re de ceux qui s&rsquo;engagent de fa\u00e7on louable dans l&rsquo;impasse de la compassion et refusent l&rsquo;av\u00e8nement d\u2019une Loi \u00e9mancipatrice pour, finalement, favoriser le statu quo au profit des forces dominantes.<\/p>\n<p>Il faut donc r\u00e9affirmer le principe selon lequel la la\u00efcit\u00e9 traduit un irr\u00e9pressible d\u00e9sir de vivre ensemble, d\u00e9passant l&rsquo;alt\u00e9rit\u00e9, pour atteindre une humanit\u00e9 commune. Et cette posture, si elle est r\u00e9solument oppos\u00e9e \u00e0 la rel\u00e9gation dans la diff\u00e9rence, devient alors le corollaire naturel d&rsquo;une marche solidaire \u00e0 la fois \u00e9ternellement inachev\u00e9e dans le progr\u00e8s et respectueuse de l&rsquo;Histoire, et non plus l&rsquo;avatar du pass\u00e9isme hi\u00e9ratique.<\/p>\n","protected":false},"excerpt":{"rendered":"<p>Publi\u00e9 dans l\u2019\u00e9dition du 11 f\u00e9vrier 2013 du quotidien Le Devoir Suite \u00e0 l&rsquo;annonce du gouvernement de Mme Marois d&rsquo;entreprendre des consultations sur la la\u00efcit\u00e9, on a pu entendre plusieurs \u00ab\u00a0identitaires\u00a0\u00bb d\u00e9velopper une conception de la la\u00efcit\u00e9 pour le moins originale. D&rsquo;un concept r\u00e9publicain qui allie \u00e9galitarisme des citoyens devant la Loi et neutralit\u00e9 de&hellip;<\/p>\n","protected":false},"author":1,"featured_media":31210,"comment_status":"open","ping_status":"open","sticky":false,"template":"","format":"standard","meta":{"_acf_changed":false,"ngg_post_thumbnail":0,"jetpack_post_was_ever_published":false,"_jetpack_newsletter_access":"","_jetpack_dont_email_post_to_subs":false,"_jetpack_newsletter_tier_id":0,"_jetpack_memberships_contains_paywalled_content":false,"_jetpack_memberships_contains_paid_content":false,"footnotes":"","jetpack_publicize_message":"","jetpack_publicize_feature_enabled":true,"jetpack_social_post_already_shared":false,"jetpack_social_options":{"image_generator_settings":{"template":"highway","default_image_id":0,"font":"","enabled":false},"version":2}},"categories":[237],"tags":[246,248,247,115,118],"class_list":["post-20196","post","type-post","status-publish","format-standard","has-post-thumbnail","hentry","category-laicite-la-republique-du-quebec","tag-bock-cote-mathieu","tag-identitarisme","tag-identite","tag-laicite","tag-le-devoir-presse"],"acf":[],"jetpack_publicize_connections":[],"jetpack_featured_media_url":"https:\/\/i0.wp.com\/www.michelot.info\/blogue\/files\/2015\/06\/b87e04151ce24800ac0d059f64de5800.jpg?fit=640%2C360&ssl=1","jetpack_shortlink":"https:\/\/wp.me\/p6sC41-5fK","jetpack_sharing_enabled":true,"jetpack_likes_enabled":true,"_links":{"self":[{"href":"https:\/\/www.michelot.info\/blogue\/wp-json\/wp\/v2\/posts\/20196","targetHints":{"allow":["GET"]}}],"collection":[{"href":"https:\/\/www.michelot.info\/blogue\/wp-json\/wp\/v2\/posts"}],"about":[{"href":"https:\/\/www.michelot.info\/blogue\/wp-json\/wp\/v2\/types\/post"}],"author":[{"embeddable":true,"href":"https:\/\/www.michelot.info\/blogue\/wp-json\/wp\/v2\/users\/1"}],"replies":[{"embeddable":true,"href":"https:\/\/www.michelot.info\/blogue\/wp-json\/wp\/v2\/comments?post=20196"}],"version-history":[{"count":0,"href":"https:\/\/www.michelot.info\/blogue\/wp-json\/wp\/v2\/posts\/20196\/revisions"}],"wp:featuredmedia":[{"embeddable":true,"href":"https:\/\/www.michelot.info\/blogue\/wp-json\/wp\/v2\/media\/31210"}],"wp:attachment":[{"href":"https:\/\/www.michelot.info\/blogue\/wp-json\/wp\/v2\/media?parent=20196"}],"wp:term":[{"taxonomy":"category","embeddable":true,"href":"https:\/\/www.michelot.info\/blogue\/wp-json\/wp\/v2\/categories?post=20196"},{"taxonomy":"post_tag","embeddable":true,"href":"https:\/\/www.michelot.info\/blogue\/wp-json\/wp\/v2\/tags?post=20196"}],"curies":[{"name":"wp","href":"https:\/\/api.w.org\/{rel}","templated":true}]}}