{"id":31105,"date":"2014-08-09T15:57:48","date_gmt":"2014-08-09T20:57:48","guid":{"rendered":"http:\/\/le-republicain-quebecois.net\/?p=31105"},"modified":"2015-06-11T03:05:50","modified_gmt":"2015-06-11T08:05:50","slug":"zola-merite-mieux","status":"publish","type":"post","link":"https:\/\/www.michelot.info\/blogue\/2014\/08\/09\/zola-merite-mieux\/","title":{"rendered":"Zola m\u00e9rite mieux"},"content":{"rendered":"<blockquote><p>R\u00e9plique \u00e0 la <a href=\"http:\/\/www.ledevoir.com\/international\/actualites-internationales\/415382\/couverture-mediatique-de-la-crise-de-gaza-j-accuse\">lettre de Jo\u00ebl Lion, publi\u00e9e le 8 ao\u00fbt dans Le Devoir.<\/a><\/p><\/blockquote>\n<p>Monsieur le Consul,<\/p>\n<p>Dans votre lettre en date du 8 ao\u00fbt, vous revenez sur les tragiques \u00e9v\u00e9nements qui opposent votre pays, Isra\u00ebl, \u00ab aux fanatiques islamistes \u00bb dites-vous en vous permettant, par un curieux sophisme, d&rsquo;\u00e9luder la situation des populations civiles de votre r\u00e9flexion. Surtout, vous vous permettez d&rsquo;exploiter sans vergogne le souvenir du grand Zola en guise d&rsquo;accroche, chose que l&rsquo;on ne peut laisser dire sans d\u00e9noncer un s\u00e9rieux d\u00e9tournement m\u00e9moriel.<\/p>\n<p>Le <em>J&rsquo;accuse<\/em> de l&rsquo;auteur des Rougon-Macquart \u00e9tait un acte de r\u00e9sistance en soutien au capitaine Dreyfus, un geste courageux face \u00e0 l&rsquo;antis\u00e9mitisme ordinaire d&rsquo;alors, tandis que rares \u00e9taient ceux dans la soci\u00e9t\u00e9 pr\u00eats \u00e0 d\u00e9noncer cette infamie devant les virulences de la droite nationaliste et r\u00e9actionnaire fran\u00e7aise.<\/p>\n<p>Je d\u00e9nonce donc, Monsieur, que vous osiez usurper l&rsquo;Histoire pour d\u00e9nigrer les insurg\u00e9s contre les barbarie de la guerre. Voyez-vous, il y a dans l&rsquo;opposition \u00e0 cela une \u00ab pacifique r\u00e9volte de l&rsquo;esprit \u00bb, pour reprendre les termes de Cl\u00e9menceau, autre dreyfusard c\u00e9l\u00e8bre.<\/p>\n<p>Le rejet de la militarisation des rapports entre Nations, de la colonisation, de la terreur, de l&rsquo;extr\u00e9misme et des fondamentalismes religieux, ne fait pas vos pr\u00e9tendus \u00ab bien-pensants \u00bb. Ce rejet fait au contraire honneur \u00e0 la rigueur morale de ces quelques intellectuels qui, hier, ont trac\u00e9 la voie de la d\u00e9fense des sans-voix face aux m\u00e9pris des forts et de leurs soudards, qu&rsquo;ils s&rsquo;appellent aujourd&rsquo;hui Hamas ou Tsahal.<\/p>\n","protected":false},"excerpt":{"rendered":"<p>R\u00e9plique \u00e0 la lettre de Jo\u00ebl Lion, publi\u00e9e le 8 ao\u00fbt dans Le Devoir. Monsieur le Consul, Dans votre lettre en date du 8 ao\u00fbt, vous revenez sur les tragiques \u00e9v\u00e9nements qui opposent votre pays, Isra\u00ebl, \u00ab aux fanatiques islamistes \u00bb dites-vous en vous permettant, par un curieux sophisme, d&rsquo;\u00e9luder la situation des populations civiles&hellip;<\/p>\n","protected":false},"author":1,"featured_media":31185,"comment_status":"open","ping_status":"open","sticky":false,"template":"","format":"standard","meta":{"_acf_changed":false,"ngg_post_thumbnail":0,"jetpack_post_was_ever_published":false,"_jetpack_newsletter_access":"","_jetpack_dont_email_post_to_subs":false,"_jetpack_newsletter_tier_id":0,"_jetpack_memberships_contains_paywalled_content":false,"_jetpack_memberships_contains_paid_content":false,"footnotes":"","jetpack_publicize_message":"","jetpack_publicize_feature_enabled":true,"jetpack_social_post_already_shared":false,"jetpack_social_options":{"image_generator_settings":{"template":"highway","default_image_id":0,"font":"","enabled":false},"version":2}},"categories":[231,227],"tags":[290,289,291],"class_list":["post-31105","post","type-post","status-publish","format-standard","has-post-thumbnail","hentry","category-fraternite","category-politique-etrangere","tag-israel","tag-palestine","tag-zola-emile"],"acf":[],"jetpack_publicize_connections":[],"jetpack_featured_media_url":"https:\/\/i0.wp.com\/www.michelot.info\/blogue\/files\/2015\/06\/8967fc75535646c98d3623bc876054e0.jpg?fit=640%2C360&ssl=1","jetpack_shortlink":"https:\/\/wp.me\/p6sC41-85H","jetpack_sharing_enabled":true,"jetpack_likes_enabled":true,"_links":{"self":[{"href":"https:\/\/www.michelot.info\/blogue\/wp-json\/wp\/v2\/posts\/31105","targetHints":{"allow":["GET"]}}],"collection":[{"href":"https:\/\/www.michelot.info\/blogue\/wp-json\/wp\/v2\/posts"}],"about":[{"href":"https:\/\/www.michelot.info\/blogue\/wp-json\/wp\/v2\/types\/post"}],"author":[{"embeddable":true,"href":"https:\/\/www.michelot.info\/blogue\/wp-json\/wp\/v2\/users\/1"}],"replies":[{"embeddable":true,"href":"https:\/\/www.michelot.info\/blogue\/wp-json\/wp\/v2\/comments?post=31105"}],"version-history":[{"count":0,"href":"https:\/\/www.michelot.info\/blogue\/wp-json\/wp\/v2\/posts\/31105\/revisions"}],"wp:featuredmedia":[{"embeddable":true,"href":"https:\/\/www.michelot.info\/blogue\/wp-json\/wp\/v2\/media\/31185"}],"wp:attachment":[{"href":"https:\/\/www.michelot.info\/blogue\/wp-json\/wp\/v2\/media?parent=31105"}],"wp:term":[{"taxonomy":"category","embeddable":true,"href":"https:\/\/www.michelot.info\/blogue\/wp-json\/wp\/v2\/categories?post=31105"},{"taxonomy":"post_tag","embeddable":true,"href":"https:\/\/www.michelot.info\/blogue\/wp-json\/wp\/v2\/tags?post=31105"}],"curies":[{"name":"wp","href":"https:\/\/api.w.org\/{rel}","templated":true}]}}