{"id":31412,"date":"2009-08-19T10:30:28","date_gmt":"2009-08-19T14:30:28","guid":{"rendered":"http:\/\/www.le-republicain-quebecois.net\/?p=31412"},"modified":"2015-08-11T09:52:54","modified_gmt":"2015-08-11T13:52:54","slug":"quatre-trente-sous-pour-une-piastre","status":"publish","type":"post","link":"https:\/\/www.michelot.info\/blogue\/2009\/08\/19\/quatre-trente-sous-pour-une-piastre\/","title":{"rendered":"Quatre trente sous pour une piastre&#8230;"},"content":{"rendered":"<blockquote>\n<p style=\"text-align: center;\"><img data-recalc-dims=\"1\" loading=\"lazy\" decoding=\"async\" src=\"https:\/\/i0.wp.com\/www.le-republicain-quebecois.net\/files\/2015\/07\/logo-metro.png?resize=73%2C29\" alt=\"Logo M\u00e9tro\" width=\"73\" height=\"29\" \/>\u00a0\u00a0<a title=\"Le Devoir\" href=\"http:\/\/www.ledevoir.com\/non-classe\/263561\/quatre-trente-sous-pour-une-piastre\" target=\"_blank\"><img loading=\"lazy\" decoding=\"async\" title=\"Le Devoir\" src=\"http:\/\/upload.wikimedia.org\/wikipedia\/fr\/thumb\/d\/d1\/Logo_Le_Devoir.svg\/230px-Logo_Le_Devoir.svg.png\" alt=\"\" width=\"138\" height=\"29\" border=\"0\" \/><br \/>\n<\/a>Texte\u00a0publi\u00e9\u00a0dans l\u2019\u00e9dition du 19\u00a0ao\u00fbt\u00a02009 des quotidiens <em>M\u00e9tro<\/em> et<em>\u00a0<a href=\"http:\/\/www.ledevoir.com\/non-classe\/263561\/quatre-trente-sous-pour-une-piastre\" target=\"_blank\">Le Devoir<\/a><\/em><\/p>\n<\/blockquote>\n<p>Nul ne saurait nier que l\u2019engagement de Mme Harel dans la course \u00e0 la mairie de Montr\u00e9al a suscit\u00e9 un regain d\u2019int\u00e9r\u00eat pr\u00e9cieux pour une campagne qui \u00e9tait partie sur de bien tristes bases. En b\u00e9n\u00e9ficiant du l\u00e9gitime engouement populaire que l\u2019on sait, elle a fait le choix de se joindre \u00e0 Vision Montr\u00e9al pour \u00ab amorcer un n\u00e9cessaire et profond mouvement citoyen de changement \u00e0 Montr\u00e9al \u00bb.<\/p>\n<p>H\u00e9las, ces pr\u00e9tentions n\u2019auront pas r\u00e9sist\u00e9 bien longtemps aux pratiques politiciennes us\u00e9es jusqu\u2019\u00e0 la corde. Avec consternation, bien des citoyens auront donc certainement constat\u00e9 que r\u00e9novation rime, en fait, avec chaise musicale et approximations chez Vision Montr\u00e9al. Il va sans dire que le recrutement de l\u2019ex-pr\u00e9sidente d\u2019Union Montr\u00e9al, Mme Paris, n\u2019est en rien un gage de sa bonne foi et que celle-ci n\u2019eut pas un tra\u00eetre mot \u00e0 redire de ses compagnons en plein c\u0153ur des diff\u00e9rents scandales du printemps dernier. Que dire encore de ces mensonges \u00e9hont\u00e9s aux m\u00e9dias quant au soi-disant d\u00e9bauchage de M. Hanna (rappelons que selon l\u2019\u00e9quipe Projet Montr\u00e9al, il n\u2019aurait jamais \u00e9t\u00e9 des leurs) ou \u00e0 l\u2019utilisation de noms respect\u00e9s en pr\u00e9tendant avoir eu leur appui?<\/p>\n<p>La confiance des \u00e9lecteurs est une noble chose qui doit \u00eatre respect\u00e9e. Nous \u00e9tions habitu\u00e9s \u00e0 voir l\u2019\u00e9quipe de G\u00e9rald Tremblay en abuser, notamment en voyant Mme Fotopulos se pr\u00e9senter dans C\u00f4te-des-Neiges\u2013Notre-Dame-de-Gr\u00e2ce en esp\u00e9rant peut-\u00eatre faire oublier sa piteuse gestion du Plateau. Qu\u2019il en soit de m\u00eame pour le parti de Louise Harel est toutefois fort d\u00e9cevant, et les Montr\u00e9alais ne sauront \u00eatre dupes de ces basses-\u0153uvres, renvoyant certainement dos \u00e0 dos deux formations politiques qui n\u2019ont finalement de diff\u00e9rent que le nom.<\/p>\n","protected":false},"excerpt":{"rendered":"<p>\u00a0\u00a0 Texte\u00a0publi\u00e9\u00a0dans l\u2019\u00e9dition du 19\u00a0ao\u00fbt\u00a02009 des quotidiens M\u00e9tro et\u00a0Le Devoir Nul ne saurait nier que l\u2019engagement de Mme Harel dans la course \u00e0 la mairie de Montr\u00e9al a suscit\u00e9 un regain d\u2019int\u00e9r\u00eat pr\u00e9cieux pour une campagne qui \u00e9tait partie sur de bien tristes bases. En b\u00e9n\u00e9ficiant du l\u00e9gitime engouement populaire que l\u2019on sait, elle a&hellip;<\/p>\n","protected":false},"author":1,"featured_media":31415,"comment_status":"open","ping_status":"open","sticky":false,"template":"","format":"standard","meta":{"_acf_changed":false,"ngg_post_thumbnail":0,"jetpack_post_was_ever_published":false,"_jetpack_newsletter_access":"","_jetpack_dont_email_post_to_subs":false,"_jetpack_newsletter_tier_id":0,"_jetpack_memberships_contains_paywalled_content":false,"_jetpack_memberships_contains_paid_content":false,"footnotes":"","jetpack_publicize_message":"","jetpack_publicize_feature_enabled":true,"jetpack_social_post_already_shared":true,"jetpack_social_options":{"image_generator_settings":{"template":"highway","default_image_id":0,"font":"","enabled":false},"version":2}},"categories":[233],"tags":[355,373,352,241,374,199,353,354],"class_list":["post-31412","post","type-post","status-publish","format-standard","has-post-thumbnail","hentry","category-democratie","tag-elections-montreal-2009","tag-fotopulos-helen","tag-harel-louise","tag-montreal","tag-projet-montreal","tag-tremblay-gerald","tag-union-montreal","tag-vision-montreal"],"acf":[],"jetpack_publicize_connections":[],"jetpack_featured_media_url":"https:\/\/i0.wp.com\/www.michelot.info\/blogue\/files\/2015\/07\/louise-harel-et-gerald-tremblay-e1438789559412.jpg?fit=617%2C347&ssl=1","jetpack_shortlink":"https:\/\/wp.me\/p6sC41-8aE","jetpack_sharing_enabled":true,"jetpack_likes_enabled":true,"_links":{"self":[{"href":"https:\/\/www.michelot.info\/blogue\/wp-json\/wp\/v2\/posts\/31412","targetHints":{"allow":["GET"]}}],"collection":[{"href":"https:\/\/www.michelot.info\/blogue\/wp-json\/wp\/v2\/posts"}],"about":[{"href":"https:\/\/www.michelot.info\/blogue\/wp-json\/wp\/v2\/types\/post"}],"author":[{"embeddable":true,"href":"https:\/\/www.michelot.info\/blogue\/wp-json\/wp\/v2\/users\/1"}],"replies":[{"embeddable":true,"href":"https:\/\/www.michelot.info\/blogue\/wp-json\/wp\/v2\/comments?post=31412"}],"version-history":[{"count":0,"href":"https:\/\/www.michelot.info\/blogue\/wp-json\/wp\/v2\/posts\/31412\/revisions"}],"wp:featuredmedia":[{"embeddable":true,"href":"https:\/\/www.michelot.info\/blogue\/wp-json\/wp\/v2\/media\/31415"}],"wp:attachment":[{"href":"https:\/\/www.michelot.info\/blogue\/wp-json\/wp\/v2\/media?parent=31412"}],"wp:term":[{"taxonomy":"category","embeddable":true,"href":"https:\/\/www.michelot.info\/blogue\/wp-json\/wp\/v2\/categories?post=31412"},{"taxonomy":"post_tag","embeddable":true,"href":"https:\/\/www.michelot.info\/blogue\/wp-json\/wp\/v2\/tags?post=31412"}],"curies":[{"name":"wp","href":"https:\/\/api.w.org\/{rel}","templated":true}]}}