{"id":31608,"date":"2016-08-31T18:33:44","date_gmt":"2016-08-31T23:33:44","guid":{"rendered":"http:\/\/www.le-republicain-quebecois.net\/?p=31608"},"modified":"2016-09-01T13:38:39","modified_gmt":"2016-09-01T18:38:39","slug":"electrifier-les-vehicules-en-libre-service-une-fausse-bonne-idee","status":"publish","type":"post","link":"https:\/\/www.michelot.info\/blogue\/2016\/08\/31\/electrifier-les-vehicules-en-libre-service-une-fausse-bonne-idee\/","title":{"rendered":"\u00c9lectrifier les v\u00e9hicules en libre-service&#8230; une fausse bonne id\u00e9e?"},"content":{"rendered":"<blockquote style=\"text-align: center;\"><p><a title=\"CIBL\" href=\"http:\/\/www.cibl1015.com\/\"><img data-recalc-dims=\"1\" loading=\"lazy\" decoding=\"async\" data-attachment-id=\"31362\" data-permalink=\"https:\/\/www.michelot.info\/blogue\/2015\/07\/01\/lausterite-tue-aussi-la-culture\/logo-de-cibl\/#main\" data-orig-file=\"https:\/\/i0.wp.com\/www.michelot.info\/blogue\/files\/2015\/07\/logo-de-cibl.jpg?fit=1200%2C517&amp;ssl=1\" data-orig-size=\"1200,517\" data-comments-opened=\"1\" data-image-meta=\"{&quot;aperture&quot;:&quot;0&quot;,&quot;credit&quot;:&quot;&quot;,&quot;camera&quot;:&quot;&quot;,&quot;caption&quot;:&quot;&quot;,&quot;created_timestamp&quot;:&quot;0&quot;,&quot;copyright&quot;:&quot;&quot;,&quot;focal_length&quot;:&quot;0&quot;,&quot;iso&quot;:&quot;0&quot;,&quot;shutter_speed&quot;:&quot;0&quot;,&quot;title&quot;:&quot;&quot;,&quot;orientation&quot;:&quot;0&quot;}\" data-image-title=\"Logo de CIBL\" data-image-description=\"\" data-image-caption=\"\" data-large-file=\"https:\/\/i0.wp.com\/www.michelot.info\/blogue\/files\/2015\/07\/logo-de-cibl.jpg?fit=687%2C296&amp;ssl=1\" class=\"aligncenter wp-image-31362\" src=\"https:\/\/i0.wp.com\/www.le-republicain-quebecois.net\/files\/2015\/07\/logo-de-cibl-300x129.jpg?resize=130%2C56\" alt=\"Logo de CIBL\" width=\"130\" height=\"56\" \/><\/a>Chronique hebdomadaire \u00e0 La Matinale\u00a0de <a href=\"http:\/\/www.cibl1015.com\/\" target=\"_blank\">CIBL 101,5 Montr\u00e9al<\/a><\/p><\/blockquote>\n<p>Au-del\u00e0 des bonnes intentions, la politique de transition des VLS vers l&rsquo;\u00e9lectrique est-elle une bonne solution?<\/p>\n<p style=\"text-align: center;\"><iframe loading=\"lazy\" style=\"border: none; overflow: hidden;\" src=\"https:\/\/www.facebook.com\/plugins\/video.php?href=https%3A%2F%2Fwww.facebook.com%2FCIBLRadioMontreal%2Fvideos%2F10157412537125051%2F&amp;show_text=0&amp;width=560\" width=\"560\" height=\"315\" frameborder=\"0\" scrolling=\"no\" allowfullscreen=\"allowfullscreen\"><\/iframe><\/p>\n<p style=\"text-align: center;\"><iframe loading=\"lazy\" src=\"https:\/\/w.soundcloud.com\/player\/?url=https%3A\/\/api.soundcloud.com\/tracks\/280919284&amp;color=ff5500&amp;auto_play=false&amp;hide_related=false&amp;show_comments=true&amp;show_user=true&amp;show_reposts=false\" width=\"100%\" height=\"166\" frameborder=\"no\" scrolling=\"no\"><\/iframe><\/p>\n<div style=\"clear: both; height: 3px; width: auto;\"><\/div>\n","protected":false},"excerpt":{"rendered":"<p>Chronique hebdomadaire \u00e0 La Matinale\u00a0de CIBL 101,5 Montr\u00e9al Au-del\u00e0 des bonnes intentions, la politique de transition des VLS vers l&rsquo;\u00e9lectrique est-elle une bonne solution?<\/p>\n","protected":false},"author":1,"featured_media":31607,"comment_status":"open","ping_status":"open","sticky":false,"template":"","format":"standard","meta":{"_acf_changed":false,"ngg_post_thumbnail":0,"jetpack_post_was_ever_published":false,"_jetpack_newsletter_access":"","_jetpack_dont_email_post_to_subs":false,"_jetpack_newsletter_tier_id":0,"_jetpack_memberships_contains_paywalled_content":false,"_jetpack_memberships_contains_paid_content":false,"footnotes":"","jetpack_publicize_message":"La culture n'est pas une marchandise - Le square Viger","jetpack_publicize_feature_enabled":true,"jetpack_social_post_already_shared":true,"jetpack_social_options":{"image_generator_settings":{"template":"highway","default_image_id":0,"font":"","enabled":false},"version":2}},"categories":[233,258],"tags":[422,319,421,423,241,424,403,420,205],"class_list":["post-31608","post","type-post","status-publish","format-standard","has-post-thumbnail","hentry","category-democratie","category-ecologie-la-republique-du-quebec","tag-car2go","tag-cibl","tag-communauto","tag-electrification","tag-montreal","tag-transports","tag-uber","tag-vehicules-en-libre-service-vls","tag-video"],"acf":[],"jetpack_publicize_connections":[],"jetpack_featured_media_url":"https:\/\/i0.wp.com\/www.michelot.info\/blogue\/files\/2016\/08\/227fde1925654fa08aef2b1fce0efffa.png?fit=640%2C360&ssl=1","jetpack_shortlink":"https:\/\/wp.me\/p6sC41-8dO","jetpack_sharing_enabled":true,"jetpack_likes_enabled":true,"_links":{"self":[{"href":"https:\/\/www.michelot.info\/blogue\/wp-json\/wp\/v2\/posts\/31608","targetHints":{"allow":["GET"]}}],"collection":[{"href":"https:\/\/www.michelot.info\/blogue\/wp-json\/wp\/v2\/posts"}],"about":[{"href":"https:\/\/www.michelot.info\/blogue\/wp-json\/wp\/v2\/types\/post"}],"author":[{"embeddable":true,"href":"https:\/\/www.michelot.info\/blogue\/wp-json\/wp\/v2\/users\/1"}],"replies":[{"embeddable":true,"href":"https:\/\/www.michelot.info\/blogue\/wp-json\/wp\/v2\/comments?post=31608"}],"version-history":[{"count":0,"href":"https:\/\/www.michelot.info\/blogue\/wp-json\/wp\/v2\/posts\/31608\/revisions"}],"wp:featuredmedia":[{"embeddable":true,"href":"https:\/\/www.michelot.info\/blogue\/wp-json\/wp\/v2\/media\/31607"}],"wp:attachment":[{"href":"https:\/\/www.michelot.info\/blogue\/wp-json\/wp\/v2\/media?parent=31608"}],"wp:term":[{"taxonomy":"category","embeddable":true,"href":"https:\/\/www.michelot.info\/blogue\/wp-json\/wp\/v2\/categories?post=31608"},{"taxonomy":"post_tag","embeddable":true,"href":"https:\/\/www.michelot.info\/blogue\/wp-json\/wp\/v2\/tags?post=31608"}],"curies":[{"name":"wp","href":"https:\/\/api.w.org\/{rel}","templated":true}]}}