{"id":31864,"date":"2020-06-18T13:37:24","date_gmt":"2020-06-18T18:37:24","guid":{"rendered":"http:\/\/www.michelot.info\/blogue\/?p=31864"},"modified":"2020-06-22T15:51:04","modified_gmt":"2020-06-22T20:51:04","slug":"parce-quil-est-encore-temps-de-rever","status":"publish","type":"post","link":"https:\/\/www.michelot.info\/blogue\/2020\/06\/18\/parce-quil-est-encore-temps-de-rever\/","title":{"rendered":"Parce qu\u2019il est encore temps de r\u00eaver"},"content":{"rendered":"\n<h3 class=\"wp-block-heading\">Esquisse sur la naissance d\u2019Option nationale ou la tentative de r\u00e9nover l\u2019engagement militant par la base<\/h3>\n\n\n\n<div class=\"wp-block-image\"><figure class=\"alignright size-large\"><img data-recalc-dims=\"1\" loading=\"lazy\" decoding=\"async\" width=\"150\" height=\"150\" data-attachment-id=\"31868\" data-permalink=\"https:\/\/www.michelot.info\/blogue\/2020\/06\/18\/parce-quil-est-encore-temps-de-rever\/carredorepost100e150\/#main\" data-orig-file=\"https:\/\/i0.wp.com\/www.michelot.info\/blogue\/files\/2020\/06\/carredorepost100e150.jpg?fit=150%2C150&amp;ssl=1\" data-orig-size=\"150,150\" data-comments-opened=\"1\" data-image-meta=\"{&quot;aperture&quot;:&quot;0&quot;,&quot;credit&quot;:&quot;&quot;,&quot;camera&quot;:&quot;&quot;,&quot;caption&quot;:&quot;&quot;,&quot;created_timestamp&quot;:&quot;0&quot;,&quot;copyright&quot;:&quot;&quot;,&quot;focal_length&quot;:&quot;0&quot;,&quot;iso&quot;:&quot;0&quot;,&quot;shutter_speed&quot;:&quot;0&quot;,&quot;title&quot;:&quot;&quot;,&quot;orientation&quot;:&quot;0&quot;}\" data-image-title=\"carredorepost100e150\" data-image-description=\"\" data-image-caption=\"\" data-large-file=\"https:\/\/i0.wp.com\/www.michelot.info\/blogue\/files\/2020\/06\/carredorepost100e150.jpg?fit=150%2C150&amp;ssl=1\" src=\"https:\/\/i0.wp.com\/www.michelot.info\/blogue\/files\/2020\/06\/carredorepost100e150.jpg?resize=150%2C150\" alt=\"\" class=\"wp-image-31868\" srcset=\"https:\/\/i0.wp.com\/www.michelot.info\/blogue\/files\/2020\/06\/carredorepost100e150.jpg?w=150&amp;ssl=1 150w, https:\/\/i0.wp.com\/www.michelot.info\/blogue\/files\/2020\/06\/carredorepost100e150.jpg?resize=120%2C120&amp;ssl=1 120w\" sizes=\"auto, (max-width: 150px) 100vw, 150px\" \/><figcaption>\u00c0 para\u00eetre dans le prochain<br>num\u00e9ro de l&rsquo;Action nationale<\/figcaption><\/figure><\/div>\n\n\n\n<p><em>Ce texte sera publi\u00e9 dans le num\u00e9ro de juin de l\u2019<\/em><a href=\"https:\/\/action-nationale.qc.ca\/\" target=\"_blank\" rel=\"noreferrer noopener\">Action nationale<\/a><em>, consacr\u00e9 aux 25e anniversaire des <a href=\"http:\/\/ipsoquebec.org\/\" target=\"_blank\" rel=\"noreferrer noopener\">Intellectuels pour la souverainet\u00e9<\/a>.<\/em><\/p>\n\n\n\n<p>Par cet article, nous souhaitons engager une r\u00e9flexion sur la naissance d\u2019Option nationale (ON), un mouvement qui, en d\u00e9pit de ses nombreuses faiblesses, a repr\u00e9sent\u00e9 un espoir pour une part non n\u00e9gligeable de la population. Ce parti arrivait sur la sc\u00e8ne politique 16 ans apr\u00e8s le dernier r\u00e9f\u00e9rendum et allait insuffler un inattendu vent de fra\u00eecheur militant chez une g\u00e9n\u00e9ration qui n\u2019avait pas pu s\u2019exprimer au r\u00e9f\u00e9rendum de 1995. \u00c0 d\u00e9faut d\u2019estimables succ\u00e8s, on ne peut en nier les succ\u00e8s d\u2019estime. Observons donc sereinement les faits. D\u2019aucuns avaient consid\u00e9r\u00e9 qu\u2019apr\u00e8s la naissance de Qu\u00e9bec solidaire, ON avait \u00e9t\u00e9 un coup de massue fatal sur le fragile \u00e9difice ind\u00e9pendantiste, voire la m\u00e8re de tous les maux: cela est probablement tout \u00e0 fait exag\u00e9r\u00e9. La lente chute du Parti qu\u00e9b\u00e9cois (PQ) ne r\u00e9sulte pas d\u2019une seule cause et l\u2019\u00e9miettement du mouvement ind\u00e9pendantiste en de multiples chapelles n\u2019a pas attendu ON ou Qu\u00e9bec solidaire QS).<\/p>\n\n\n\n<div id=\"zotpress-5be8a23a678be0633e227a3ceb6e6a66\" class=\"zp-Zotpress zp-Zotpress-Bib wp-block-group\">\n\n\t\t<span class=\"ZP_API_USER_ID ZP_ATTR\">2683711<\/span>\n\t\t<span class=\"ZP_ITEM_KEY ZP_ATTR\">{2683711:I8B8VUHL}<\/span>\n\t\t<span class=\"ZP_COLLECTION_ID ZP_ATTR\"><\/span>\n\t\t<span class=\"ZP_TAG_ID ZP_ATTR\"><\/span>\n\t\t<span class=\"ZP_AUTHOR ZP_ATTR\"><\/span>\n\t\t<span class=\"ZP_YEAR ZP_ATTR\"><\/span>\n        <span class=\"ZP_ITEMTYPE ZP_ATTR\"><\/span>\n\t\t<span class=\"ZP_INCLUSIVE ZP_ATTR\">1<\/span>\n\t\t<span class=\"ZP_STYLE ZP_ATTR\">apa<\/span>\n\t\t<span class=\"ZP_LIMIT ZP_ATTR\">50<\/span>\n\t\t<span class=\"ZP_SORTBY ZP_ATTR\">default<\/span>\n\t\t<span class=\"ZP_ORDER ZP_ATTR\"><\/span>\n\t\t<span class=\"ZP_TITLE ZP_ATTR\"><\/span>\n\t\t<span class=\"ZP_SHOWIMAGE ZP_ATTR\"><\/span>\n\t\t<span class=\"ZP_SHOWTAGS ZP_ATTR\"><\/span>\n\t\t<span class=\"ZP_DOWNLOADABLE ZP_ATTR\"><\/span>\n\t\t<span class=\"ZP_NOTES ZP_ATTR\"><\/span>\n\t\t<span class=\"ZP_ABSTRACT ZP_ATTR\"><\/span>\n\t\t<span class=\"ZP_CITEABLE ZP_ATTR\"><\/span>\n\t\t<span class=\"ZP_TARGET ZP_ATTR\"><\/span>\n\t\t<span class=\"ZP_URLWRAP ZP_ATTR\"><\/span>\n\t\t<span class=\"ZP_FORCENUM ZP_ATTR\"><\/span>\n        <span class=\"ZP_HIGHLIGHT ZP_ATTR\"><\/span>\n        <span class=\"ZP_POSTID ZP_ATTR\">31864<\/span>\n\t\t<span class=\"ZOTPRESS_PLUGIN_URL ZP_ATTR\">https:\/\/www.michelot.info\/blogue\/wp-content\/plugins\/zotpress\/<\/span>\n\n\t\t<div class=\"zp-List loading\">\n\t\t\t<div class=\"zp-SEO-Content\">\n\t\t\t\t<span class=\"ZP_JSON ZP_ATTR\">%7B%22status%22%3A%22success%22%2C%22updateneeded%22%3Afalse%2C%22instance%22%3Afalse%2C%22meta%22%3A%7B%22request_last%22%3A0%2C%22request_next%22%3A0%2C%22used_cache%22%3Atrue%7D%2C%22data%22%3A%5B%7B%22key%22%3A%22I8B8VUHL%22%2C%22library%22%3A%7B%22id%22%3A2683711%7D%2C%22meta%22%3A%7B%22creatorSummary%22%3A%22Michelot%22%2C%22parsedDate%22%3A%222020%22%2C%22numChildren%22%3A1%7D%2C%22bib%22%3A%22%26lt%3Bdiv%20class%3D%26quot%3Bcsl-bib-body%26quot%3B%20style%3D%26quot%3Bline-height%3A%202%3B%20padding-left%3A%201em%3B%20text-indent%3A-1em%3B%26quot%3B%26gt%3B%5Cn%20%20%26lt%3Bdiv%20class%3D%26quot%3Bcsl-entry%26quot%3B%26gt%3BMichelot%2C%20F.%20%282020%29.%20Parce%20qu%26%23x2019%3Bil%20est%20encore%20temps%20de%20r%26%23xEA%3Bver.%20Esquisse%20sur%20la%20naissance%20d%26%23x2019%3BOption%20nationale%20ou%20la%20tentative%20de%20r%26%23xE9%3Bnover%20l%26%23x2019%3Bengagement%20militant%20par%20la%20base.%20%26lt%3Bi%26gt%3BL%26%23x2019%3BAction%20Nationale%26lt%3B%5C%2Fi%26gt%3B%2C%20%26lt%3Bi%26gt%3BCX%26lt%3B%5C%2Fi%26gt%3B%286%29%2C%20140%26%23x2013%3B153.%26lt%3B%5C%2Fdiv%26gt%3B%5Cn%26lt%3B%5C%2Fdiv%26gt%3B%22%2C%22data%22%3A%7B%22itemType%22%3A%22journalArticle%22%2C%22title%22%3A%22Parce%20qu%5Cu2019il%20est%20encore%20temps%20de%20r%5Cu00eaver.%20Esquisse%20sur%20la%20naissance%20d%5Cu2019Option%20nationale%20ou%20la%20tentative%20de%20r%5Cu00e9nover%20l%5Cu2019engagement%20militant%20par%20la%20base%22%2C%22creators%22%3A%5B%7B%22creatorType%22%3A%22author%22%2C%22firstName%22%3A%22Florent%22%2C%22lastName%22%3A%22Michelot%22%7D%5D%2C%22abstractNote%22%3A%22%22%2C%22date%22%3A%222020%22%2C%22section%22%3A%22%22%2C%22partNumber%22%3A%22%22%2C%22partTitle%22%3A%22%22%2C%22DOI%22%3A%22%22%2C%22citationKey%22%3A%22%22%2C%22url%22%3A%22%22%2C%22PMID%22%3A%22%22%2C%22PMCID%22%3A%22%22%2C%22ISSN%22%3A%22%22%2C%22language%22%3A%22%22%2C%22collections%22%3A%5B%22B23MLSKT%22%2C%22WLJAZD42%22%5D%2C%22dateModified%22%3A%222024-01-16T21%3A43%3A33Z%22%7D%7D%5D%7D<\/span>\n\n\t\t\t\t<div id=\"zp-ID-31864-2683711-I8B8VUHL\" data-zp-author-date='Michelot-2020' data-zp-date-author='2020-Michelot' data-zp-date='2020' data-zp-year='2020' data-zp-itemtype='journalArticle' class=\"zp-Entry zpSearchResultsItem\">\n<div class=\"csl-bib-body\" style=\"line-height: 2; padding-left: 1em; text-indent:-1em;\">\n  <div class=\"csl-entry\">Michelot, F. (2020). Parce qu\u2019il est encore temps de r\u00eaver. Esquisse sur la naissance d\u2019Option nationale ou la tentative de r\u00e9nover l\u2019engagement militant par la base. <i>L\u2019Action Nationale<\/i>, <i>CX<\/i>(6), 140\u2013153.<\/div>\n<\/div>\n\t\t\t\t<\/div><!-- .zp-Entry .zpSearchResultsItem -->\n\t\t\t<\/div><!-- .zp-zp-SEO-Content -->\n\t\t<\/div><!-- .zp-List -->\n\t<\/div><!--.zp-Zotpress-->\n\n\n\n\n\n<p><strong><i class=\"fas fa-book-reader\"><\/i>&nbsp; Lire la suite sur le site de <a href=\"https:\/\/action-nationale.qc.ca\/\" target=\"_blank\" rel=\"noreferrer noopener\">L\u2019Action nationale<\/a>.<\/strong><\/p>\n\n\n\n<iframe loading=\"lazy\" src=\"https:\/\/www.docdroid.net\/BuizaC0\/article-actionnationale-pdf\" allowtransparency=\"\" allowfullscreen=\"\" width=\"100%\" height=\"600\" frameborder=\"0\"><\/iframe>\n","protected":false},"excerpt":{"rendered":"<p>Esquisse sur la naissance d\u2019Option nationale ou la tentative de r\u00e9nover l\u2019engagement militant par la base Ce texte sera publi\u00e9 dans le num\u00e9ro de juin de l\u2019Action nationale, consacr\u00e9 aux 25e anniversaire des Intellectuels pour la souverainet\u00e9. Par cet article, nous souhaitons engager une r\u00e9flexion sur la naissance d\u2019Option nationale (ON), un mouvement qui, en&hellip;<\/p>\n","protected":false},"author":1,"featured_media":31871,"comment_status":"open","ping_status":"open","sticky":false,"template":"","format":"standard","meta":{"_acf_changed":false,"ngg_post_thumbnail":0,"jetpack_post_was_ever_published":false,"_jetpack_newsletter_access":"","_jetpack_dont_email_post_to_subs":false,"_jetpack_newsletter_tier_id":0,"_jetpack_memberships_contains_paywalled_content":false,"_jetpack_memberships_contains_paid_content":false,"footnotes":"","jetpack_publicize_message":"","jetpack_publicize_feature_enabled":true,"jetpack_social_post_already_shared":true,"jetpack_social_options":{"image_generator_settings":{"template":"highway","default_image_id":0,"font":"","enabled":false},"version":2}},"categories":[233],"tags":[264,220,308,539,384,279,251,152,166,189,269],"class_list":["post-31864","post","type-post","status-publish","format-standard","has-post-thumbnail","hentry","category-democratie","tag-aussant-jean-martin","tag-coalition-avenir-quebec-caq","tag-independance","tag-intellectuels-pour-la-souverainete-les","tag-laction-nationale-revue","tag-mouvement-souverainiste","tag-option-nationale-on","tag-parti-quebecois-pq","tag-quebec-solidaire-qs","tag-souverainisme","tag-zanetti-sol"],"acf":[],"jetpack_publicize_connections":[],"jetpack_featured_media_url":"https:\/\/i0.wp.com\/www.michelot.info\/blogue\/files\/2020\/06\/2A95E98D-2EB3-495B-AFD0-DA7693EA9DA2_1_105_c-e1592505384806.jpeg?fit=640%2C360&ssl=1","jetpack_shortlink":"https:\/\/wp.me\/p6sC41-8hW","jetpack_sharing_enabled":true,"jetpack_likes_enabled":true,"_links":{"self":[{"href":"https:\/\/www.michelot.info\/blogue\/wp-json\/wp\/v2\/posts\/31864","targetHints":{"allow":["GET"]}}],"collection":[{"href":"https:\/\/www.michelot.info\/blogue\/wp-json\/wp\/v2\/posts"}],"about":[{"href":"https:\/\/www.michelot.info\/blogue\/wp-json\/wp\/v2\/types\/post"}],"author":[{"embeddable":true,"href":"https:\/\/www.michelot.info\/blogue\/wp-json\/wp\/v2\/users\/1"}],"replies":[{"embeddable":true,"href":"https:\/\/www.michelot.info\/blogue\/wp-json\/wp\/v2\/comments?post=31864"}],"version-history":[{"count":0,"href":"https:\/\/www.michelot.info\/blogue\/wp-json\/wp\/v2\/posts\/31864\/revisions"}],"wp:featuredmedia":[{"embeddable":true,"href":"https:\/\/www.michelot.info\/blogue\/wp-json\/wp\/v2\/media\/31871"}],"wp:attachment":[{"href":"https:\/\/www.michelot.info\/blogue\/wp-json\/wp\/v2\/media?parent=31864"}],"wp:term":[{"taxonomy":"category","embeddable":true,"href":"https:\/\/www.michelot.info\/blogue\/wp-json\/wp\/v2\/categories?post=31864"},{"taxonomy":"post_tag","embeddable":true,"href":"https:\/\/www.michelot.info\/blogue\/wp-json\/wp\/v2\/tags?post=31864"}],"curies":[{"name":"wp","href":"https:\/\/api.w.org\/{rel}","templated":true}]}}