{"id":632,"date":"2008-12-09T07:57:15","date_gmt":"2008-12-09T12:57:15","guid":{"rendered":"http:\/\/quebec.jrgblog.com\/?p=632"},"modified":"2015-08-10T16:42:58","modified_gmt":"2015-08-10T20:42:58","slug":"le-bilan-dune-insipide-campagne","status":"publish","type":"post","link":"https:\/\/www.michelot.info\/blogue\/2008\/12\/09\/le-bilan-dune-insipide-campagne\/","title":{"rendered":"Le bilan d&rsquo;une insipide campagne"},"content":{"rendered":"<p>Au terme de ce mois de campagne \u00e9lectorale, on en viendrait \u00e0 se dire que la soir\u00e9e \u00e9lectorale en aura \u00e9t\u00e9 le moment le plus palpitant avec le d\u00e9bat. En fait, il n\u2019y a pas eu de v\u00e9ritable enjeu dans cette campagne. N\u2019en d\u00e9plaise \u00e0 Jean Charest, l\u2019\u00e9conomie n\u2019a pas monopolis\u00e9 le d\u00e9bat, l\u2019affaire de la Caisse des D\u00e9p\u00f4ts n\u2019a pas pris, la crise parlementaire \u00e0 Ottawa a masqu\u00e9 les d\u00e9bats ici. Alors, \u00e0 part, peut-\u00eatre, cette inqui\u00e9tude r\u00e9cente de voir un nombre record d\u2019\u00e9lecteurs d\u00e9cider de boycotter l\u2019\u00e9lection, cette campagne a \u00e9t\u00e9 aussi impr\u00e9visible que le reflet du d\u00e9sint\u00e9r\u00eat des Qu\u00e9b\u00e9cois. 57 % d\u2019abstention! Comment se r\u00e9jouir d\u2019une victoire apr\u00e8s cela?<\/p>\n<p>Jean Charest nous avait pr\u00e9venus, cette \u00e9lection serait un moment \u00ab <em>tellement important pour nous et pour notre avenir \u00bb<\/em> que les 4 si\u00e8ges de majorit\u00e9s remport\u00e9s hier devraient nous permettre d\u2019affronter les difficult\u00e9s \u00e0 venir. Alors, que la crise \u00e9conomique s\u2019abatte sur Qu\u00e9bec et sa Province!, Jean Charest est pr\u00eat \u00e0 lui faire front avec ses 65 coll\u00e8gues lib\u00e9raux&#8230;<\/p>\n<p>Le pari \u00e9tait risqu\u00e9 d\u00e9but novembre pour lui de d\u00e9clencher ces \u00e9lections, les \u00ab dissolutions de confort \u00bb n\u2019offrant pas toujours les r\u00e9sultats escompt\u00e9s. Le cas de Stephen Harper le 14 octobre dernier contribue notamment \u00e0 douter de l\u2019efficacit\u00e9 de cet opportunisme \u00e9lectoral. Mais M. Charest voulait une majorit\u00e9, il l\u2019a eu en augmentant son adh\u00e9sion populaire de 9 points et surtout en arrachant 18 nouveaux d\u00e9put\u00e9s.<\/p>\n<p><img data-recalc-dims=\"1\" loading=\"lazy\" decoding=\"async\" style=\"margin: 3px 8px; border: 0pt currentColor; float: right;\" src=\"https:\/\/i0.wp.com\/lcn.canoe.ca\/archives\/lcn\/infos\/national\/lequebecvote\/media\/2008\/11\/20081121-092326-g.jpg?resize=204%2C154\" alt=\"Marois\" width=\"204\" height=\"154\" \/>Le Parti qu\u00e9b\u00e9cois ressort la t\u00eate de l\u2019eau apr\u00e8s les catastrophiques r\u00e9sultats de 2007. Apr\u00e8s un d\u00e9but de campagne mou, Pauline Marois est progressivement apparue avec une dimension nouvelle. Nul ne doutait de ses capacit\u00e9s de femme d\u2019\u00c9tat, mais peu lui accordaient le leadership n\u00e9cessaire \u00e0 la conduite d\u2019une campagne et, <em>a fortiori<\/em>, d\u2019un gouvernement. Le surprenant d\u00e9bat des chefs s\u2019est r\u00e9v\u00e9l\u00e9 \u00eatre un formidable exutoire, les 13 jours suivants lui permettant de rattraper un d\u00e9part qui avait patin\u00e9. Souvenons-nous que la chef p\u00e9quiste avait du proposer un point presse \u00e0 5 h du matin pour que les m\u00e9dias puissent assister \u00e0 sa \u00ab marche rapide \u00bb journali\u00e8re et d\u00e9mentir les rumeurs de mauvaise sant\u00e9 voire de maladie grave dont elle faisait l\u2019objet. Finalement, le PQ se retrouve largement renforc\u00e9 et devient une opposition forte, \u00ab <em>la plus forte depuis la R\u00e9volution tranquille \u00bb<\/em> a pr\u00e9cis\u00e9 Pauline Marois hier soir.<\/p>\n<p>Mario Dumont, quant \u00e0 lui, n\u2019a pu hier que constater le pr\u00e9visible reflux de son parti. En 2007, il avait obtenu pr\u00e8s de 31 % des voix \u00e0 1,2 % du PLC, ce qui lui avait permis de faire \u00e9lire 41 d\u00e9put\u00e9s \u00e0 l\u2019Assembl\u00e9e nationale. L\u2019ADQ avait m\u00eame \u00e9t\u00e9 envisag\u00e9e comme premier parti durant la soir\u00e9e \u00e9lectorale! Las, le parti autonomiste de droite n\u2019a pas r\u00e9ussi \u00e0 convaincre les \u00e9lecteurs de recevoir la m\u00eame confiance qu\u2019il avait obtenue en 2007. Les d\u00e9rapages sur internet ont d\u2019ailleurs \u00e9t\u00e9 significatifs. Cet \u00e9chec cinglant (16,4 %, 7 d\u00e9put\u00e9s) est certainement tr\u00e8s dur pour Mario Dmont et son annonce de d\u00e9part de la vie politique, hier soir, s\u2019est r\u00e9v\u00e9l\u00e9 tr\u00e8s digne.<\/p>\n<p>Enfin, relevons l\u2019entr\u00e9e du nouveau D\u00e9put\u00e9 de Mercier \u00e0 l\u2019Assembl\u00e9e nationale, Amir Khadir. Cette fois, le candidat et co-porte-parole de Qu\u00e9bec solidaire a remport\u00e9 son pari et a \u00e9limin\u00e9 le p\u00e9quiste Daniel Turp. En d\u00e9pit de la d\u00e9faite de ce dernier, on ne pourra n\u00e9anmoins se r\u00e9jouir de l\u2019entr\u00e9e d\u2019une voix nouvelle dans l\u2019ar\u00e8ne parlementaire qu\u00e9b\u00e9coise.<\/p>\n","protected":false},"excerpt":{"rendered":"<p>Au terme de ce mois de campagne \u00e9lectorale, on en viendrait \u00e0 se dire que la soir\u00e9e \u00e9lectorale en aura \u00e9t\u00e9 le moment le plus palpitant avec le d\u00e9bat. En fait, il n\u2019y a pas eu de v\u00e9ritable enjeu dans cette campagne. N\u2019en d\u00e9plaise \u00e0 Jean Charest, l\u2019\u00e9conomie n\u2019a pas monopolis\u00e9 le d\u00e9bat, l\u2019affaire de&hellip;<\/p>\n","protected":false},"author":1,"featured_media":31264,"comment_status":"open","ping_status":"open","sticky":false,"template":"","format":"standard","meta":{"_acf_changed":false,"ngg_post_thumbnail":0,"jetpack_post_was_ever_published":false,"_jetpack_newsletter_access":"","_jetpack_dont_email_post_to_subs":false,"_jetpack_newsletter_tier_id":0,"_jetpack_memberships_contains_paywalled_content":false,"_jetpack_memberships_contains_paid_content":false,"footnotes":"","jetpack_publicize_message":"","jetpack_publicize_feature_enabled":true,"jetpack_social_post_already_shared":false,"jetpack_social_options":{"image_generator_settings":{"template":"highway","default_image_id":0,"font":"","enabled":false},"version":2}},"categories":[4],"tags":[7,33,64,71,113,127,151,152,166,372],"class_list":["post-632","post","type-post","status-publish","format-standard","has-post-thumbnail","hentry","category-scrutins-nationaux","tag-action-democratique-du-quebec-adq","tag-charest-jean","tag-dumont-mario","tag-elections-quebec-2008","tag-khadir-amir","tag-marois-pauline","tag-parti-liberal-du-quebec-plq","tag-parti-quebecois-pq","tag-quebec-solidaire-qs","tag-turp-daniel"],"acf":[],"jetpack_publicize_connections":[],"jetpack_featured_media_url":"https:\/\/i0.wp.com\/www.michelot.info\/blogue\/files\/2015\/06\/91286c7e0178477dbf67946de38a2262.jpg?fit=640%2C360&ssl=1","jetpack_shortlink":"https:\/\/wp.me\/p6sC41-ac","jetpack_sharing_enabled":true,"jetpack_likes_enabled":true,"_links":{"self":[{"href":"https:\/\/www.michelot.info\/blogue\/wp-json\/wp\/v2\/posts\/632","targetHints":{"allow":["GET"]}}],"collection":[{"href":"https:\/\/www.michelot.info\/blogue\/wp-json\/wp\/v2\/posts"}],"about":[{"href":"https:\/\/www.michelot.info\/blogue\/wp-json\/wp\/v2\/types\/post"}],"author":[{"embeddable":true,"href":"https:\/\/www.michelot.info\/blogue\/wp-json\/wp\/v2\/users\/1"}],"replies":[{"embeddable":true,"href":"https:\/\/www.michelot.info\/blogue\/wp-json\/wp\/v2\/comments?post=632"}],"version-history":[{"count":0,"href":"https:\/\/www.michelot.info\/blogue\/wp-json\/wp\/v2\/posts\/632\/revisions"}],"wp:featuredmedia":[{"embeddable":true,"href":"https:\/\/www.michelot.info\/blogue\/wp-json\/wp\/v2\/media\/31264"}],"wp:attachment":[{"href":"https:\/\/www.michelot.info\/blogue\/wp-json\/wp\/v2\/media?parent=632"}],"wp:term":[{"taxonomy":"category","embeddable":true,"href":"https:\/\/www.michelot.info\/blogue\/wp-json\/wp\/v2\/categories?post=632"},{"taxonomy":"post_tag","embeddable":true,"href":"https:\/\/www.michelot.info\/blogue\/wp-json\/wp\/v2\/tags?post=632"}],"curies":[{"name":"wp","href":"https:\/\/api.w.org\/{rel}","templated":true}]}}