{"id":889,"date":"2009-04-15T12:51:44","date_gmt":"2009-04-15T17:51:44","guid":{"rendered":"http:\/\/quebec.jrgblog.com\/?p=889"},"modified":"2015-08-01T22:26:45","modified_gmt":"2015-08-02T02:26:45","slug":"entretien-avec-gilbert-paquette","status":"publish","type":"post","link":"https:\/\/www.michelot.info\/blogue\/2009\/04\/15\/entretien-avec-gilbert-paquette\/","title":{"rendered":"Entrevue avec Gilbert Paquette"},"content":{"rendered":"<p><a title=\"Voir sa fiche sur le site de l&#039;Assembl\u00e9e nationale\" href=\"http:\/\/www.assnat.qc.ca\/fr\/deputes\/paquette-gilbert-4747\/biographie.html\" target=\"_blank\">Gilbert Paquette<\/a> est un chercheur universitaire et un homme politique qu\u00e9b\u00e9cois. Ministre de la Science et de la Technologie dans le gouvernement de Ren\u00e9 L\u00e9vesque de 1982 \u00e0 1984, il est chercheur au Centre interuniversitaire de recherche sur le t\u00e9l\u00e9apprentissage (CIRTA-LICEF), qu&rsquo;il a fond\u00e9 en 1992. Pr\u00e9sident des Intellectuels pour la souverainet\u00e9 (IPSO), il a publi\u00e9 en mars 2008 <em>La n\u00e9cessaire alliance<\/em> aux \u00e9ditions Les intouchables.<\/p>\n<p style=\"text-align: center;\"><iframe loading=\"lazy\" src=\"https:\/\/www.mixcloud.com\/widget\/iframe\/?embed_type=widget_standard&amp;embed_uuid=066ebec2-873a-4580-9b9b-7b726be80a4d&amp;feed=https%3A%2F%2Fwww.mixcloud.com%2FMichelotFlorent%2Fentrevue-avec-gilbert-paquette-la-n%25C3%25A9cessaire-alliance%2F&amp;hide_cover=1&amp;hide_tracklist=1&amp;replace=0&amp;stylecolor=5d8bb6\" width=\"660\" height=\"180\" frameborder=\"0\"><\/iframe><\/p>\n<div style=\"width: 652px; height: 3px; clear: both;\"><\/div>\n<p style=\"margin: 0px; padding: 3px 4px; width: 652px; color: #999999; font-family: 'Open Sans', Helvetica, Arial, sans-serif; font-size: 11px; display: block;\"><a style=\"color: #5d8bb6; font-weight: bold;\" href=\"https:\/\/www.mixcloud.com\/MichelotFlorent\/entrevue-avec-gilbert-paquette-la-n%C3%A9cessaire-alliance\/?utm_source=widget&amp;utm_medium=web&amp;utm_campaign=base_links&amp;utm_term=resource_link\" target=\"_blank\">Entrevue avec Gilbert Paquette, \u00ab La n\u00e9cessaire alliance \u00bb<\/a> par <a style=\"color: #5d8bb6; font-weight: bold;\" href=\"https:\/\/www.mixcloud.com\/MichelotFlorent\/?utm_source=widget&amp;utm_medium=web&amp;utm_campaign=base_links&amp;utm_term=profile_link\" target=\"_blank\">Florent Michelot<\/a>\u00a0sur <a style=\"color: #5d8bb6; font-weight: bold;\" href=\"https:\/\/www.mixcloud.com\/?utm_source=widget&amp;utm_medium=web&amp;utm_campaign=base_links&amp;utm_term=homepage_link\" target=\"_blank\"> Mixcloud<\/a>.<\/p>\n<div style=\"width: 652px; height: 3px; clear: both;\"><\/div>\n<blockquote><p><img data-recalc-dims=\"1\" loading=\"lazy\" decoding=\"async\" src=\"https:\/\/i0.wp.com\/lesintouchables.com\/images\/couv\/alliance.jpg?resize=105%2C168\" alt=\"\" width=\"105\" height=\"168\" \/><\/p>\n<p class=\"wp-caption-dd\">\n<p><strong>La n\u00e9cessaire alliance<\/strong><br \/>\nGilbert Paquette, mars 2008<br \/>\n\u00c9diteur : Les Intouchables<br \/>\nISBN-10 : 2895493227<br \/>\nISBN-1 3: 978-2895493228<\/p><\/blockquote>\n","protected":false},"excerpt":{"rendered":"<p>Gilbert Paquette est un chercheur universitaire et un homme politique qu\u00e9b\u00e9cois. Ministre de la Science et de la Technologie dans le gouvernement de Ren\u00e9 L\u00e9vesque de 1982 \u00e0 1984, il est chercheur au Centre interuniversitaire de recherche sur le t\u00e9l\u00e9apprentissage (CIRTA-LICEF), qu&rsquo;il a fond\u00e9 en 1992. Pr\u00e9sident des Intellectuels pour la souverainet\u00e9 (IPSO), il a&hellip;<\/p>\n","protected":false},"author":1,"featured_media":31262,"comment_status":"open","ping_status":"open","sticky":false,"template":"","format":"standard","meta":{"_acf_changed":false,"ngg_post_thumbnail":0,"jetpack_post_was_ever_published":false,"_jetpack_newsletter_access":"","_jetpack_dont_email_post_to_subs":false,"_jetpack_newsletter_tier_id":0,"_jetpack_memberships_contains_paywalled_content":false,"_jetpack_memberships_contains_paid_content":false,"footnotes":"","jetpack_publicize_message":"","jetpack_publicize_feature_enabled":true,"jetpack_social_post_already_shared":false,"jetpack_social_options":{"image_generator_settings":{"template":"highway","default_image_id":0,"font":"","enabled":false},"version":2}},"categories":[235],"tags":[7,74,308,123,145,152,175,189],"class_list":["post-889","post","type-post","status-publish","format-standard","has-post-thumbnail","hentry","category-liberte","tag-action-democratique-du-quebec-adq","tag-entretien","tag-independance","tag-livre","tag-paquette-gilbert","tag-parti-quebecois-pq","tag-referendum","tag-souverainisme"],"acf":[],"jetpack_publicize_connections":[],"jetpack_featured_media_url":"https:\/\/i0.wp.com\/www.michelot.info\/blogue\/files\/2015\/06\/5106219d73d64f95954c16113ba8a9f8.jpg?fit=449%2C289&ssl=1","jetpack_shortlink":"https:\/\/wp.me\/p6sC41-el","jetpack_sharing_enabled":true,"jetpack_likes_enabled":true,"_links":{"self":[{"href":"https:\/\/www.michelot.info\/blogue\/wp-json\/wp\/v2\/posts\/889","targetHints":{"allow":["GET"]}}],"collection":[{"href":"https:\/\/www.michelot.info\/blogue\/wp-json\/wp\/v2\/posts"}],"about":[{"href":"https:\/\/www.michelot.info\/blogue\/wp-json\/wp\/v2\/types\/post"}],"author":[{"embeddable":true,"href":"https:\/\/www.michelot.info\/blogue\/wp-json\/wp\/v2\/users\/1"}],"replies":[{"embeddable":true,"href":"https:\/\/www.michelot.info\/blogue\/wp-json\/wp\/v2\/comments?post=889"}],"version-history":[{"count":0,"href":"https:\/\/www.michelot.info\/blogue\/wp-json\/wp\/v2\/posts\/889\/revisions"}],"wp:featuredmedia":[{"embeddable":true,"href":"https:\/\/www.michelot.info\/blogue\/wp-json\/wp\/v2\/media\/31262"}],"wp:attachment":[{"href":"https:\/\/www.michelot.info\/blogue\/wp-json\/wp\/v2\/media?parent=889"}],"wp:term":[{"taxonomy":"category","embeddable":true,"href":"https:\/\/www.michelot.info\/blogue\/wp-json\/wp\/v2\/categories?post=889"},{"taxonomy":"post_tag","embeddable":true,"href":"https:\/\/www.michelot.info\/blogue\/wp-json\/wp\/v2\/tags?post=889"}],"curies":[{"name":"wp","href":"https:\/\/api.w.org\/{rel}","templated":true}]}}