{"id":171,"date":"2017-10-11T08:52:12","date_gmt":"2017-10-11T13:52:12","guid":{"rendered":"http:\/\/www.michelot.info\/pedagogie\/?p=171"},"modified":"2017-10-11T08:59:16","modified_gmt":"2017-10-11T13:59:16","slug":"fb-communaute-science-politique","status":"publish","type":"post","link":"https:\/\/www.michelot.info\/education\/2017\/10\/11\/fb-communaute-science-politique\/","title":{"rendered":"D\u00e9velopper une communaut\u00e9 d\u2019apprentissage sur Facebook : un retour d\u2019exp\u00e9rience en science politique"},"content":{"rendered":"<p>Communication pr\u00e9sent\u00e9e au colloque CIRTA 2017, \u00e0 l&rsquo;UQAM (Montr\u00e9al, Qu\u00e9bec).<\/p>\n<p><iframe loading=\"lazy\" src=\"\/\/www.slideshare.net\/slideshow\/embed_code\/key\/oaXa0GobmDr0pq\" width=\"595\" height=\"485\" frameborder=\"0\" marginwidth=\"0\" marginheight=\"0\" scrolling=\"no\" style=\"border:1px solid #CCC; border-width:1px; margin-bottom:5px; max-width: 100%;\" allowfullscreen> <\/iframe> <\/p>\n<div style=\"margin-bottom:5px\"> <strong> <a href=\"\/\/www.slideshare.net\/michelot.florent\/dvelopper-une-communaut-dapprentissage-sur-facebook-un-retour-dexprience-en-science-politique\" title=\"D\u00e9velopper une communaut\u00e9 d\u2019apprentissage sur Facebook : un retour d\u2019exp\u00e9rience en science politique\" target=\"_blank\">D\u00e9velopper une communaut\u00e9 d\u2019apprentissage sur Facebook : un retour d\u2019exp\u00e9rience en science politique<\/a> <\/strong> from <strong><a href=\"https:\/\/www.slideshare.net\/michelot.florent\" target=\"_blank\">Florent Michelot<\/a><\/strong> <\/div>\n<p>R\u00e9f\u00e9rence :<br \/>\n<div id=\"zotpress-9d4ddc667e24bc6d3e96bb0d6e1c8c65\" class=\"zp-Zotpress zp-Zotpress-Bib wp-block-group\">\n\n\t\t<span class=\"ZP_API_USER_ID ZP_ATTR\">2683711<\/span>\n\t\t<span class=\"ZP_ITEM_KEY ZP_ATTR\">{:IPKXZ9MI}<\/span>\n\t\t<span class=\"ZP_COLLECTION_ID ZP_ATTR\"><\/span>\n\t\t<span class=\"ZP_TAG_ID ZP_ATTR\"><\/span>\n\t\t<span class=\"ZP_AUTHOR ZP_ATTR\"><\/span>\n\t\t<span class=\"ZP_YEAR ZP_ATTR\"><\/span>\n        <span class=\"ZP_ITEMTYPE ZP_ATTR\"><\/span>\n\t\t<span class=\"ZP_INCLUSIVE ZP_ATTR\">1<\/span>\n\t\t<span class=\"ZP_STYLE ZP_ATTR\">universite-du-quebec-a-montreal<\/span>\n\t\t<span class=\"ZP_LIMIT ZP_ATTR\">50<\/span>\n\t\t<span class=\"ZP_SORTBY ZP_ATTR\">default<\/span>\n\t\t<span class=\"ZP_ORDER ZP_ATTR\"><\/span>\n\t\t<span class=\"ZP_TITLE ZP_ATTR\"><\/span>\n\t\t<span class=\"ZP_SHOWIMAGE ZP_ATTR\"><\/span>\n\t\t<span class=\"ZP_SHOWTAGS ZP_ATTR\"><\/span>\n\t\t<span class=\"ZP_DOWNLOADABLE ZP_ATTR\">1<\/span>\n\t\t<span class=\"ZP_NOTES ZP_ATTR\"><\/span>\n\t\t<span class=\"ZP_ABSTRACT ZP_ATTR\">1<\/span>\n\t\t<span class=\"ZP_CITEABLE ZP_ATTR\">1<\/span>\n\t\t<span class=\"ZP_TARGET ZP_ATTR\"><\/span>\n\t\t<span class=\"ZP_URLWRAP ZP_ATTR\"><\/span>\n\t\t<span class=\"ZP_FORCENUM ZP_ATTR\"><\/span>\n        <span class=\"ZP_HIGHLIGHT ZP_ATTR\"><\/span>\n        <span class=\"ZP_POSTID ZP_ATTR\">171<\/span>\n\t\t<span class=\"ZOTPRESS_PLUGIN_URL ZP_ATTR\">https:\/\/www.michelot.info\/education\/wp-content\/plugins\/zotpress\/<\/span>\n\n\t\t<div class=\"zp-List loading\">\n\t\t\t<div class=\"zp-SEO-Content\">\n\n\t\t\t<\/div><!-- .zp-zp-SEO-Content -->\n\t\t<\/div><!-- .zp-List -->\n\t<\/div><!--.zp-Zotpress-->\n\n<\/p>\n","protected":false},"excerpt":{"rendered":"<p>Communication pr\u00e9sent\u00e9e au colloque CIRTA 2017, \u00e0 l&rsquo;UQAM (Montr\u00e9al, Qu\u00e9bec). D\u00e9velopper une communaut\u00e9 d\u2019apprentissage sur Facebook : un retour d\u2019exp\u00e9rience en science politique from Florent Michelot R\u00e9f\u00e9rence :<\/p>\n","protected":false},"author":1,"featured_media":0,"comment_status":"closed","ping_status":"closed","sticky":false,"template":"","format":"standard","meta":{"_acf_changed":false,"ngg_post_thumbnail":0,"_jetpack_memberships_contains_paid_content":false,"footnotes":""},"categories":[53,2],"tags":[],"class_list":["post-171","post","type-post","status-publish","format-standard","hentry","category-communications","category-scenarios-pedagogiques"],"acf":[],"jetpack_featured_media_url":"","jetpack_sharing_enabled":true,"_links":{"self":[{"href":"https:\/\/www.michelot.info\/education\/wp-json\/wp\/v2\/posts\/171","targetHints":{"allow":["GET"]}}],"collection":[{"href":"https:\/\/www.michelot.info\/education\/wp-json\/wp\/v2\/posts"}],"about":[{"href":"https:\/\/www.michelot.info\/education\/wp-json\/wp\/v2\/types\/post"}],"author":[{"embeddable":true,"href":"https:\/\/www.michelot.info\/education\/wp-json\/wp\/v2\/users\/1"}],"replies":[{"embeddable":true,"href":"https:\/\/www.michelot.info\/education\/wp-json\/wp\/v2\/comments?post=171"}],"version-history":[{"count":0,"href":"https:\/\/www.michelot.info\/education\/wp-json\/wp\/v2\/posts\/171\/revisions"}],"wp:attachment":[{"href":"https:\/\/www.michelot.info\/education\/wp-json\/wp\/v2\/media?parent=171"}],"wp:term":[{"taxonomy":"category","embeddable":true,"href":"https:\/\/www.michelot.info\/education\/wp-json\/wp\/v2\/categories?post=171"},{"taxonomy":"post_tag","embeddable":true,"href":"https:\/\/www.michelot.info\/education\/wp-json\/wp\/v2\/tags?post=171"}],"curies":[{"name":"wp","href":"https:\/\/api.w.org\/{rel}","templated":true}]}}