{"id":216,"date":"2018-11-16T09:49:44","date_gmt":"2018-11-16T14:49:44","guid":{"rendered":"http:\/\/www.michelot.info\/education\/?p=216"},"modified":"2019-05-05T09:52:56","modified_gmt":"2019-05-05T14:52:56","slug":"apprendre-en-commun-sur-facebook-retour-critique-sur-la-mise-en-oeuvre-dune-experience-de-recherche","status":"publish","type":"post","link":"https:\/\/www.michelot.info\/education\/2018\/11\/16\/apprendre-en-commun-sur-facebook-retour-critique-sur-la-mise-en-oeuvre-dune-experience-de-recherche\/","title":{"rendered":"Apprendre en commun sur Facebook : retour critique sur la mise en \u0153uvre d\u2019une exp\u00e9rience de recherche"},"content":{"rendered":"\n<p>Webinaire pr\u00e9sent\u00e9 \u00e0 l&rsquo;invitation de l&rsquo;<a href=\"https:\/\/apop.qc.ca\/fr\/capsule\/apprendre-en-commun-sur-facebook-retour-critique-sur-la-mise-en-oeuvre-dune-experience-de-recherche\/\">APOP<\/a>.<\/p>\n\n\n\n<figure class=\"wp-block-image\"><a href=\"https:\/\/apop.qc.ca\/fr\/capsule\/apprendre-en-commun-sur-facebook-retour-critique-sur-la-mise-en-oeuvre-dune-experience-de-recherche\/\" target=\"_blank\" rel=\"noreferrer noopener\"><img data-recalc-dims=\"1\" loading=\"lazy\" decoding=\"async\" width=\"687\" height=\"488\" src=\"https:\/\/i0.wp.com\/www.michelot.info\/education\/files\/2019\/05\/Capture-d%E2%80%99e%CC%81cran-le-2019-05-05-a%CC%80-10.50.22-1024x727.png?resize=687%2C488\" alt=\"\" class=\"wp-image-217\" srcset=\"https:\/\/i0.wp.com\/www.michelot.info\/education\/files\/2019\/05\/Capture-d%E2%80%99e%CC%81cran-le-2019-05-05-a%CC%80-10.50.22.png?resize=1024%2C727&amp;ssl=1 1024w, https:\/\/i0.wp.com\/www.michelot.info\/education\/files\/2019\/05\/Capture-d%E2%80%99e%CC%81cran-le-2019-05-05-a%CC%80-10.50.22.png?resize=300%2C213&amp;ssl=1 300w, https:\/\/i0.wp.com\/www.michelot.info\/education\/files\/2019\/05\/Capture-d%E2%80%99e%CC%81cran-le-2019-05-05-a%CC%80-10.50.22.png?resize=768%2C545&amp;ssl=1 768w, https:\/\/i0.wp.com\/www.michelot.info\/education\/files\/2019\/05\/Capture-d%E2%80%99e%CC%81cran-le-2019-05-05-a%CC%80-10.50.22.png?resize=767%2C544&amp;ssl=1 767w, https:\/\/i0.wp.com\/www.michelot.info\/education\/files\/2019\/05\/Capture-d%E2%80%99e%CC%81cran-le-2019-05-05-a%CC%80-10.50.22.png?w=1034&amp;ssl=1 1034w\" sizes=\"auto, (max-width: 687px) 100vw, 687px\" \/><\/a><\/figure>\n","protected":false},"excerpt":{"rendered":"<p>Webinaire pr\u00e9sent\u00e9 \u00e0 l&rsquo;invitation de l&rsquo;APOP.<\/p>\n","protected":false},"author":1,"featured_media":0,"comment_status":"closed","ping_status":"open","sticky":false,"template":"","format":"video","meta":{"_acf_changed":false,"ngg_post_thumbnail":0,"_jetpack_memberships_contains_paid_content":false,"footnotes":""},"categories":[2],"tags":[75,19,76],"class_list":["post-216","post","type-post","status-publish","format-video","hentry","category-scenarios-pedagogiques","tag-apop","tag-facebook","tag-webinaire","post_format-post-format-video"],"acf":[],"jetpack_featured_media_url":"","jetpack_sharing_enabled":true,"_links":{"self":[{"href":"https:\/\/www.michelot.info\/education\/wp-json\/wp\/v2\/posts\/216","targetHints":{"allow":["GET"]}}],"collection":[{"href":"https:\/\/www.michelot.info\/education\/wp-json\/wp\/v2\/posts"}],"about":[{"href":"https:\/\/www.michelot.info\/education\/wp-json\/wp\/v2\/types\/post"}],"author":[{"embeddable":true,"href":"https:\/\/www.michelot.info\/education\/wp-json\/wp\/v2\/users\/1"}],"replies":[{"embeddable":true,"href":"https:\/\/www.michelot.info\/education\/wp-json\/wp\/v2\/comments?post=216"}],"version-history":[{"count":0,"href":"https:\/\/www.michelot.info\/education\/wp-json\/wp\/v2\/posts\/216\/revisions"}],"wp:attachment":[{"href":"https:\/\/www.michelot.info\/education\/wp-json\/wp\/v2\/media?parent=216"}],"wp:term":[{"taxonomy":"category","embeddable":true,"href":"https:\/\/www.michelot.info\/education\/wp-json\/wp\/v2\/categories?post=216"},{"taxonomy":"post_tag","embeddable":true,"href":"https:\/\/www.michelot.info\/education\/wp-json\/wp\/v2\/tags?post=216"}],"curies":[{"name":"wp","href":"https:\/\/api.w.org\/{rel}","templated":true}]}}