{"id":974,"date":"2022-11-13T20:21:08","date_gmt":"2022-11-14T01:21:08","guid":{"rendered":"https:\/\/www.michelot.info\/education\/?p=974"},"modified":"2022-11-13T20:21:11","modified_gmt":"2022-11-14T01:21:11","slug":"capsules-video-sur-la-competence-numerique","status":"publish","type":"post","link":"https:\/\/www.michelot.info\/education\/2022\/11\/13\/capsules-video-sur-la-competence-numerique\/","title":{"rendered":"Capsules vid\u00e9o sur la comp\u00e9tence num\u00e9rique"},"content":{"rendered":"\n<p>Gr\u00e2ce aux Groupe de recherche interuniversitaire sur les impacts p\u00e9dagogiques des technologies de l&rsquo;information et de la communication (GRIIPTIC), j&rsquo;ai eu l&rsquo;occasion de participer \u00e0 cette s\u00e9rie de capsules vid\u00e9os pr\u00e9sentant chacune des 12 dimensions du <em>Cadre de r\u00e9f\u00e9rence de la comp\u00e9tence num\u00e9rique <\/em><span class=\"zp-InText-zp-ID--2683711-7UAQ4Y4D--wp974 zp-InText-Citation loading\" rel=\"{ 'pages': 'np', 'items': '{2683711:7UAQ4Y4D}', 'format': '(%a%, %d%, %p%)', 'brackets': '', 'etal': '', 'separator': '', 'and': '' }\"><\/span>. Dans la suivante, je pr\u00e9sente la culture informationnelle, en lien avec la pens\u00e9e critique, deux dimension qui me tiennent \u00e9videmment \u00e0 coeur.<\/p>\n\n\n\n<figure class=\"wp-block-embed is-type-video is-provider-youtube wp-block-embed-youtube wp-embed-aspect-16-9 wp-has-aspect-ratio\"><div class=\"wp-block-embed__wrapper\">\n<div class=\"jetpack-video-wrapper\"><iframe loading=\"lazy\" title=\"Florent Michelot - La culture informationnelle\" width=\"687\" height=\"386\" src=\"https:\/\/www.youtube.com\/embed\/RXL3OqDULqs?feature=oembed\" frameborder=\"0\" allow=\"accelerometer; autoplay; clipboard-write; encrypted-media; gyroscope; picture-in-picture\" allowfullscreen><\/iframe><\/div>\n<\/div><\/figure>\n\n\n\n<!--more-->\n\n\n\n<p>Ci-dessous, la liste de lecture compl\u00e8te :<\/p>\n\n\n\n<figure class=\"wp-block-embed is-type-video is-provider-youtube wp-block-embed-youtube wp-embed-aspect-16-9 wp-has-aspect-ratio\"><div class=\"wp-block-embed__wrapper\">\n<div class=\"jetpack-video-wrapper\"><iframe loading=\"lazy\" title=\"Cadre de r\u00e9f\u00e9rence de la comp\u00e9tence num\u00e9rique\" width=\"687\" height=\"386\" src=\"https:\/\/www.youtube.com\/embed\/videoseries?list=PL7xK7_BJ0pSUq4SH6qGSYAi9dO6bAJ9Ti\" frameborder=\"0\" allow=\"accelerometer; autoplay; clipboard-write; encrypted-media; gyroscope; picture-in-picture\" allowfullscreen><\/iframe><\/div>\n<\/div><\/figure>\n\n\n\n\n<div id='zp-InTextBib-zotpress-18b2f80937fd21a95106b56eb6304b68' class='zp-Zotpress zp-Zotpress-InTextBib wp-block-group zp-Post-974'>\r\n\t\t<span class=\"ZP_ITEM_KEY ZP_ATTR\">{2683711:7UAQ4Y4D}<\/span>\r\n\t\t<span class=\"ZP_STYLE ZP_ATTR\">universit\u00e9-du-quebec-a-montreal<\/span>\r\n\t\t<span class=\"ZP_SORTBY ZP_ATTR\">default<\/span>\r\n\t\t<span class=\"ZP_ORDER ZP_ATTR\">asc<\/span>\r\n\t\t<span class=\"ZP_TITLE ZP_ATTR\"><\/span>\r\n\t\t<span class=\"ZP_SHOWIMAGE ZP_ATTR\"><\/span>\r\n\t\t<span class=\"ZP_SHOWTAGS ZP_ATTR\"><\/span>\r\n\t\t<span class=\"ZP_DOWNLOADABLE ZP_ATTR\"><\/span>\r\n\t\t<span class=\"ZP_NOTES ZP_ATTR\"><\/span>\r\n\t\t<span class=\"ZP_ABSTRACT ZP_ATTR\"><\/span>\r\n\t\t<span class=\"ZP_CITEABLE ZP_ATTR\"><\/span>\r\n\t\t<span class=\"ZP_TARGET ZP_ATTR\"><\/span>\r\n\t\t<span class=\"ZP_URLWRAP ZP_ATTR\"><\/span>\r\n\t\t<span class=\"ZP_FORCENUM ZP_ATTR\">0<\/span>\r\n\t\t<span class=\"ZP_HIGHLIGHT ZP_ATTR\"><\/span>\r\n\t\t<span class=\"ZP_POSTID ZP_ATTR\">974<\/span><div class='zp-List loading'>\n<div class=\"zp-SEO-Content\"><\/div><!-- .zp-zp-SEO-Content -->\n<\/div><!-- .zp-List --><\/div><!--.zp-Zotpress-->\n\n\n","protected":false},"excerpt":{"rendered":"<p>Gr\u00e2ce aux Groupe de recherche interuniversitaire sur les impacts p\u00e9dagogiques des technologies de l&rsquo;information et de la communication (GRIIPTIC), j&rsquo;ai eu l&rsquo;occasion de participer \u00e0 cette s\u00e9rie de capsules vid\u00e9os pr\u00e9sentant chacune des 12 dimensions du Cadre de r\u00e9f\u00e9rence de la comp\u00e9tence num\u00e9rique . Dans la suivante, je pr\u00e9sente la culture informationnelle, en lien avec&hellip;<\/p>\n","protected":false},"author":1,"featured_media":0,"comment_status":"open","ping_status":"open","sticky":false,"template":"","format":"video","meta":{"_acf_changed":false,"ngg_post_thumbnail":0,"_jetpack_memberships_contains_paid_content":false,"footnotes":""},"categories":[55],"tags":[106,38,87,32],"class_list":["post-974","post","type-post","status-publish","format-video","hentry","category-ressources","tag-competence-numerique","tag-culture-informationnelle","tag-esprit-critique","tag-information-literacy","post_format-post-format-video"],"acf":[],"jetpack_featured_media_url":"","jetpack_sharing_enabled":true,"_links":{"self":[{"href":"https:\/\/www.michelot.info\/education\/wp-json\/wp\/v2\/posts\/974","targetHints":{"allow":["GET"]}}],"collection":[{"href":"https:\/\/www.michelot.info\/education\/wp-json\/wp\/v2\/posts"}],"about":[{"href":"https:\/\/www.michelot.info\/education\/wp-json\/wp\/v2\/types\/post"}],"author":[{"embeddable":true,"href":"https:\/\/www.michelot.info\/education\/wp-json\/wp\/v2\/users\/1"}],"replies":[{"embeddable":true,"href":"https:\/\/www.michelot.info\/education\/wp-json\/wp\/v2\/comments?post=974"}],"version-history":[{"count":0,"href":"https:\/\/www.michelot.info\/education\/wp-json\/wp\/v2\/posts\/974\/revisions"}],"wp:attachment":[{"href":"https:\/\/www.michelot.info\/education\/wp-json\/wp\/v2\/media?parent=974"}],"wp:term":[{"taxonomy":"category","embeddable":true,"href":"https:\/\/www.michelot.info\/education\/wp-json\/wp\/v2\/categories?post=974"},{"taxonomy":"post_tag","embeddable":true,"href":"https:\/\/www.michelot.info\/education\/wp-json\/wp\/v2\/tags?post=974"}],"curies":[{"name":"wp","href":"https:\/\/api.w.org\/{rel}","templated":true}]}}